{"id":367,"date":"2024-09-05T20:58:10","date_gmt":"2024-09-05T18:58:10","guid":{"rendered":"http:\/\/kancelaria-syndyk.pl\/?p=367"},"modified":"2024-09-05T21:01:34","modified_gmt":"2024-09-05T19:01:34","slug":"sprzedaz-nieruchomosci-j-wnuk-termin-do-30-09-2024-r","status":"publish","type":"post","link":"https:\/\/kancelaria-syndyk.pl\/?p=367","title":{"rendered":"Sprzeda\u017c nieruchomo\u015bci J. Wnuk \u2013 termin do 30-09-2024 r."},"content":{"rendered":"\n<p>Syndyk masy upad\u0142o\u015bci osoby fizycznej nieprowadz\u0105cej dzia\u0142alno\u015bci gospodarczej \u2013 Janusza Wnuka \u2013 w post\u0119powaniu upad\u0142o\u015bciowym na podstawie Postanowienia sygn. akt&nbsp;LU1S\/GU\/731\/2022&nbsp;z dnia 8 marca 2023 r. sprzeda&nbsp;prawo w\u0142asno\u015bci nieruchomo\u015bci dzia\u0142ka niezabudowana nr 664 o powierzchni 0,1348 ha, po\u0142o\u017conej w Kosobudach, gmina Zwierzyniec, powiat zamojski; dla nieruchomo\u015bci urz\u0105dzona jest ksi\u0119ga wieczysta KW Nr&nbsp;ZA1Z\/00128311\/2&nbsp;&nbsp;&nbsp;prowadzona przez S\u0105d Rejonowy w Zamo\u015bciu, VI Wydzia\u0142 Ksi\u0105g Wieczystych&nbsp;o warto\u015bci oszacowanej przez rzeczoznawc\u0119 maj\u0105tkowego na kwot\u0119 33 000,00 z\u0142, w ramach zorganizowanego przez syndyka zbierania pisemnych ofert na zakup ww. nieruchomo\u015bci.<\/p>\n\n\n\n<p>Szczeg\u00f3\u0142y sprzeda\u017cy, regulamin oraz obligatoryjny formularz sk\u0142adania ofert dost\u0119pny na stronie syndyka w zak\u0142adce Og\u0142oszenia pod adresem:&nbsp;<a href=\"http:\/\/www.kancelaria-syndyk.pl\/\" target=\"_blank\" rel=\"noreferrer noopener\">www.kancelaria-syndyk.pl<\/a><\/p>\n\n\n\n<p>Dodatkowe informacje pod numerem telefonu: 507370233<\/p>\n\n\n\n<div class=\"wp-block-file\"><a id=\"wp-block-file--media-32be2ab7-3d34-4dba-9bca-e99dee106ded\" href=\"http:\/\/kancelaria-syndyk.pl\/wp-content\/uploads\/2024\/09\/Formularz-ofertowy-nieruchomosci-Janusza-Wnuka.docx\">Formularz (docx)<\/a><a href=\"http:\/\/kancelaria-syndyk.pl\/wp-content\/uploads\/2024\/09\/Formularz-ofertowy-nieruchomosci-Janusza-Wnuka.docx\" class=\"wp-block-file__button wp-element-button\" download aria-describedby=\"wp-block-file--media-32be2ab7-3d34-4dba-9bca-e99dee106ded\">Pobierz<\/a><\/div>\n\n\n\n<div class=\"wp-block-file\"><a id=\"wp-block-file--media-5441d020-6fff-4ef5-b626-83d63a89a831\" href=\"http:\/\/kancelaria-syndyk.pl\/wp-content\/uploads\/2024\/09\/Formularz-ofertowy-nieruchomosci-Janusza-Wnuka.pdf\">Formularz (pdf)<\/a><a href=\"http:\/\/kancelaria-syndyk.pl\/wp-content\/uploads\/2024\/09\/Formularz-ofertowy-nieruchomosci-Janusza-Wnuka.pdf\" class=\"wp-block-file__button wp-element-button\" download aria-describedby=\"wp-block-file--media-5441d020-6fff-4ef5-b626-83d63a89a831\">Pobierz<\/a><\/div>\n\n\n\n<div class=\"wp-block-file\"><a id=\"wp-block-file--media-7de2598b-507e-404b-bbae-fe096eff69f7\" href=\"http:\/\/kancelaria-syndyk.pl\/wp-content\/uploads\/2024\/09\/Regulamin-sprzedazy-nieruchomosci-Janusza-Wnuka.pdf\">Regulamin<\/a><a href=\"http:\/\/kancelaria-syndyk.pl\/wp-content\/uploads\/2024\/09\/Regulamin-sprzedazy-nieruchomosci-Janusza-Wnuka.pdf\" class=\"wp-block-file__button wp-element-button\" download aria-describedby=\"wp-block-file--media-7de2598b-507e-404b-bbae-fe096eff69f7\">Pobierz<\/a><\/div>\n","protected":false},"excerpt":{"rendered":"<p>Syndyk masy upad\u0142o\u015bci osoby fizycznej nieprowadz\u0105cej dzia\u0142alno\u015bci gospodarczej \u2013 Janusza Wnuka \u2013 w post\u0119powaniu upad\u0142o\u015bciowym na podstawie Postanowienia sygn. akt&nbsp;LU1S\/GU\/731\/2022&nbsp;z dnia 8 marca 2023 r. sprzeda&nbsp;prawo w\u0142asno\u015bci nieruchomo\u015bci dzia\u0142ka niezabudowana &#8230;<\/p>\n","protected":false},"author":1,"featured_media":152,"comment_status":"closed","ping_status":"closed","sticky":false,"template":"","format":"standard","meta":{"footnotes":""},"categories":[5],"tags":[],"class_list":["post-367","post","type-post","status-publish","format-standard","has-post-thumbnail","hentry","category-postepowanie-upadlosciowe"],"yoast_head":"<!-- This site is optimized with the Yoast SEO plugin v21.5 - https:\/\/yoast.com\/wordpress\/plugins\/seo\/ -->\n<title>Sprzeda\u017c nieruchomo\u015bci J. Wnuk \u2013 termin do 30-09-2024 r. - Kancelaria Syndyka<\/title>\n<meta name=\"robots\" content=\"index, follow, max-snippet:-1, max-image-preview:large, max-video-preview:-1\" \/>\n<link rel=\"canonical\" href=\"https:\/\/kancelaria-syndyk.pl\/?p=367\" \/>\n<meta property=\"og:locale\" content=\"en_US\" \/>\n<meta property=\"og:type\" content=\"article\" \/>\n<meta property=\"og:title\" content=\"Sprzeda\u017c nieruchomo\u015bci J. Wnuk \u2013 termin do 30-09-2024 r. - Kancelaria Syndyka\" \/>\n<meta property=\"og:description\" content=\"Syndyk masy upad\u0142o\u015bci osoby fizycznej nieprowadz\u0105cej dzia\u0142alno\u015bci gospodarczej \u2013 Janusza Wnuka \u2013 w post\u0119powaniu upad\u0142o\u015bciowym na podstawie Postanowienia sygn. akt&nbsp;LU1S\/GU\/731\/2022&nbsp;z dnia 8 marca 2023 r. sprzeda&nbsp;prawo w\u0142asno\u015bci nieruchomo\u015bci dzia\u0142ka niezabudowana ...\" \/>\n<meta property=\"og:url\" content=\"https:\/\/kancelaria-syndyk.pl\/?p=367\" \/>\n<meta property=\"og:site_name\" content=\"Kancelaria Syndyka\" \/>\n<meta property=\"article:published_time\" content=\"2024-09-05T18:58:10+00:00\" \/>\n<meta property=\"article:modified_time\" content=\"2024-09-05T19:01:34+00:00\" \/>\n<meta property=\"og:image\" content=\"https:\/\/kancelaria-syndyk.pl\/wp-content\/uploads\/2022\/01\/wykrzyknik.png\" \/>\n\t<meta property=\"og:image:width\" content=\"300\" \/>\n\t<meta property=\"og:image:height\" content=\"150\" \/>\n\t<meta property=\"og:image:type\" content=\"image\/png\" \/>\n<meta name=\"author\" content=\"adam\" \/>\n<meta name=\"twitter:card\" content=\"summary_large_image\" \/>\n<meta name=\"twitter:label1\" content=\"Written by\" \/>\n\t<meta name=\"twitter:data1\" content=\"adam\" \/>\n\t<meta name=\"twitter:label2\" content=\"Est. reading time\" \/>\n\t<meta name=\"twitter:data2\" content=\"1 minute\" \/>\n<script type=\"application\/ld+json\" class=\"yoast-schema-graph\">{\"@context\":\"https:\/\/schema.org\",\"@graph\":[{\"@type\":\"WebPage\",\"@id\":\"https:\/\/kancelaria-syndyk.pl\/?p=367\",\"url\":\"https:\/\/kancelaria-syndyk.pl\/?p=367\",\"name\":\"Sprzeda\u017c nieruchomo\u015bci J. Wnuk \u2013 termin do 30-09-2024 r. - Kancelaria Syndyka\",\"isPartOf\":{\"@id\":\"https:\/\/kancelaria-syndyk.pl\/#website\"},\"datePublished\":\"2024-09-05T18:58:10+00:00\",\"dateModified\":\"2024-09-05T19:01:34+00:00\",\"author\":{\"@id\":\"https:\/\/kancelaria-syndyk.pl\/#\/schema\/person\/f2c26bb71e082fdfd63035324feac55f\"},\"breadcrumb\":{\"@id\":\"https:\/\/kancelaria-syndyk.pl\/?p=367#breadcrumb\"},\"inLanguage\":\"en-US\",\"potentialAction\":[{\"@type\":\"ReadAction\",\"target\":[\"https:\/\/kancelaria-syndyk.pl\/?p=367\"]}]},{\"@type\":\"BreadcrumbList\",\"@id\":\"https:\/\/kancelaria-syndyk.pl\/?p=367#breadcrumb\",\"itemListElement\":[{\"@type\":\"ListItem\",\"position\":1,\"name\":\"Home\",\"item\":\"https:\/\/kancelaria-syndyk.pl\/\"},{\"@type\":\"ListItem\",\"position\":2,\"name\":\"Sprzeda\u017c nieruchomo\u015bci J. Wnuk \u2013 termin do 30-09-2024 r.\"}]},{\"@type\":\"WebSite\",\"@id\":\"https:\/\/kancelaria-syndyk.pl\/#website\",\"url\":\"https:\/\/kancelaria-syndyk.pl\/\",\"name\":\"Kancelaria Syndyka\",\"description\":\"mgr Karol Schmidt\",\"potentialAction\":[{\"@type\":\"SearchAction\",\"target\":{\"@type\":\"EntryPoint\",\"urlTemplate\":\"https:\/\/kancelaria-syndyk.pl\/?s={search_term_string}\"},\"query-input\":\"required name=search_term_string\"}],\"inLanguage\":\"en-US\"},{\"@type\":\"Person\",\"@id\":\"https:\/\/kancelaria-syndyk.pl\/#\/schema\/person\/f2c26bb71e082fdfd63035324feac55f\",\"name\":\"adam\",\"image\":{\"@type\":\"ImageObject\",\"inLanguage\":\"en-US\",\"@id\":\"https:\/\/kancelaria-syndyk.pl\/#\/schema\/person\/image\/\",\"url\":\"https:\/\/secure.gravatar.com\/avatar\/7495a1812e1b7403d045e96d7eb47de751ad18a2748b85049fc145f5c852fa65?s=96&d=mm&r=g\",\"contentUrl\":\"https:\/\/secure.gravatar.com\/avatar\/7495a1812e1b7403d045e96d7eb47de751ad18a2748b85049fc145f5c852fa65?s=96&d=mm&r=g\",\"caption\":\"adam\"},\"sameAs\":[\"http:\/\/kancelaria-syndyk.pl\"],\"url\":\"https:\/\/kancelaria-syndyk.pl\/?author=1\"}]}<\/script>\n<!-- \/ Yoast SEO plugin. -->","yoast_head_json":{"title":"Sprzeda\u017c nieruchomo\u015bci J. Wnuk \u2013 termin do 30-09-2024 r. - Kancelaria Syndyka","robots":{"index":"index","follow":"follow","max-snippet":"max-snippet:-1","max-image-preview":"max-image-preview:large","max-video-preview":"max-video-preview:-1"},"canonical":"https:\/\/kancelaria-syndyk.pl\/?p=367","og_locale":"en_US","og_type":"article","og_title":"Sprzeda\u017c nieruchomo\u015bci J. Wnuk \u2013 termin do 30-09-2024 r. - Kancelaria Syndyka","og_description":"Syndyk masy upad\u0142o\u015bci osoby fizycznej nieprowadz\u0105cej dzia\u0142alno\u015bci gospodarczej \u2013 Janusza Wnuka \u2013 w post\u0119powaniu upad\u0142o\u015bciowym na podstawie Postanowienia sygn. akt&nbsp;LU1S\/GU\/731\/2022&nbsp;z dnia 8 marca 2023 r. sprzeda&nbsp;prawo w\u0142asno\u015bci nieruchomo\u015bci dzia\u0142ka niezabudowana ...","og_url":"https:\/\/kancelaria-syndyk.pl\/?p=367","og_site_name":"Kancelaria Syndyka","article_published_time":"2024-09-05T18:58:10+00:00","article_modified_time":"2024-09-05T19:01:34+00:00","og_image":[{"width":300,"height":150,"url":"https:\/\/kancelaria-syndyk.pl\/wp-content\/uploads\/2022\/01\/wykrzyknik.png","type":"image\/png"}],"author":"adam","twitter_card":"summary_large_image","twitter_misc":{"Written by":"adam","Est. reading time":"1 minute"},"schema":{"@context":"https:\/\/schema.org","@graph":[{"@type":"WebPage","@id":"https:\/\/kancelaria-syndyk.pl\/?p=367","url":"https:\/\/kancelaria-syndyk.pl\/?p=367","name":"Sprzeda\u017c nieruchomo\u015bci J. Wnuk \u2013 termin do 30-09-2024 r. - Kancelaria Syndyka","isPartOf":{"@id":"https:\/\/kancelaria-syndyk.pl\/#website"},"datePublished":"2024-09-05T18:58:10+00:00","dateModified":"2024-09-05T19:01:34+00:00","author":{"@id":"https:\/\/kancelaria-syndyk.pl\/#\/schema\/person\/f2c26bb71e082fdfd63035324feac55f"},"breadcrumb":{"@id":"https:\/\/kancelaria-syndyk.pl\/?p=367#breadcrumb"},"inLanguage":"en-US","potentialAction":[{"@type":"ReadAction","target":["https:\/\/kancelaria-syndyk.pl\/?p=367"]}]},{"@type":"BreadcrumbList","@id":"https:\/\/kancelaria-syndyk.pl\/?p=367#breadcrumb","itemListElement":[{"@type":"ListItem","position":1,"name":"Home","item":"https:\/\/kancelaria-syndyk.pl\/"},{"@type":"ListItem","position":2,"name":"Sprzeda\u017c nieruchomo\u015bci J. Wnuk \u2013 termin do 30-09-2024 r."}]},{"@type":"WebSite","@id":"https:\/\/kancelaria-syndyk.pl\/#website","url":"https:\/\/kancelaria-syndyk.pl\/","name":"Kancelaria Syndyka","description":"mgr Karol Schmidt","potentialAction":[{"@type":"SearchAction","target":{"@type":"EntryPoint","urlTemplate":"https:\/\/kancelaria-syndyk.pl\/?s={search_term_string}"},"query-input":"required name=search_term_string"}],"inLanguage":"en-US"},{"@type":"Person","@id":"https:\/\/kancelaria-syndyk.pl\/#\/schema\/person\/f2c26bb71e082fdfd63035324feac55f","name":"adam","image":{"@type":"ImageObject","inLanguage":"en-US","@id":"https:\/\/kancelaria-syndyk.pl\/#\/schema\/person\/image\/","url":"https:\/\/secure.gravatar.com\/avatar\/7495a1812e1b7403d045e96d7eb47de751ad18a2748b85049fc145f5c852fa65?s=96&d=mm&r=g","contentUrl":"https:\/\/secure.gravatar.com\/avatar\/7495a1812e1b7403d045e96d7eb47de751ad18a2748b85049fc145f5c852fa65?s=96&d=mm&r=g","caption":"adam"},"sameAs":["http:\/\/kancelaria-syndyk.pl"],"url":"https:\/\/kancelaria-syndyk.pl\/?author=1"}]}},"_links":{"self":[{"href":"https:\/\/kancelaria-syndyk.pl\/index.php?rest_route=\/wp\/v2\/posts\/367","targetHints":{"allow":["GET"]}}],"collection":[{"href":"https:\/\/kancelaria-syndyk.pl\/index.php?rest_route=\/wp\/v2\/posts"}],"about":[{"href":"https:\/\/kancelaria-syndyk.pl\/index.php?rest_route=\/wp\/v2\/types\/post"}],"author":[{"embeddable":true,"href":"https:\/\/kancelaria-syndyk.pl\/index.php?rest_route=\/wp\/v2\/users\/1"}],"replies":[{"embeddable":true,"href":"https:\/\/kancelaria-syndyk.pl\/index.php?rest_route=%2Fwp%2Fv2%2Fcomments&post=367"}],"version-history":[{"count":1,"href":"https:\/\/kancelaria-syndyk.pl\/index.php?rest_route=\/wp\/v2\/posts\/367\/revisions"}],"predecessor-version":[{"id":371,"href":"https:\/\/kancelaria-syndyk.pl\/index.php?rest_route=\/wp\/v2\/posts\/367\/revisions\/371"}],"wp:featuredmedia":[{"embeddable":true,"href":"https:\/\/kancelaria-syndyk.pl\/index.php?rest_route=\/wp\/v2\/media\/152"}],"wp:attachment":[{"href":"https:\/\/kancelaria-syndyk.pl\/index.php?rest_route=%2Fwp%2Fv2%2Fmedia&parent=367"}],"wp:term":[{"taxonomy":"category","embeddable":true,"href":"https:\/\/kancelaria-syndyk.pl\/index.php?rest_route=%2Fwp%2Fv2%2Fcategories&post=367"},{"taxonomy":"post_tag","embeddable":true,"href":"https:\/\/kancelaria-syndyk.pl\/index.php?rest_route=%2Fwp%2Fv2%2Ftags&post=367"}],"curies":[{"name":"wp","href":"https:\/\/api.w.org\/{rel}","templated":true}]}}